{"id":1601,"date":"2021-04-07T23:48:15","date_gmt":"2021-04-07T23:48:15","guid":{"rendered":"https:\/\/deport.com.br\/site\/?p=1601"},"modified":"2021-04-07T23:48:15","modified_gmt":"2021-04-07T23:48:15","slug":"entenda-o-custo-e-quais-sao-os-encargos-do-empregado-domestico","status":"publish","type":"post","link":"https:\/\/deport.com.br\/site\/entenda-o-custo-e-quais-sao-os-encargos-do-empregado-domestico\/","title":{"rendered":"ENTENDA O CUSTO E QUAIS S\u00c3O OS ENCARGOS DO EMPREGADO DOM\u00c9STICO."},"content":{"rendered":"<p align=\"justify\">Antes de contratar um empregado dom\u00e9stico \u00e9 comum o empregador ficar com d\u00favidas em rela\u00e7\u00e3o ao custo que esse tipo de contrata\u00e7\u00e3o implicar\u00e1. Por isso, fizemos um demonstrativo dos custos trabalhistas para que voc\u00ea tenha um planejamento financeiro e avalie a melhor forma de realizar uma contrata\u00e7\u00e3o.<\/p>\n<p align=\"justify\">O que caracteriza o empregado dom\u00e9stico?<\/p>\n<p align=\"justify\">Conforme a Lei 5.859\/72, empregado Dom\u00e9stico \u00e9 aquele que presta servi\u00e7os de natureza cont\u00ednua e de finalidade <b>n\u00e3o lucrativa<\/b> a pessoa f\u00edsica, no \u00e2mbito residencial. S\u00e3o exemplos: bab\u00e1, servi\u00e7os de limpeza, cuidadora, entre outros.<\/p>\n<p align=\"justify\">\n<p align=\"justify\"><u><b>Encargos Trabalhistas<\/b><\/u><\/p>\n<p align=\"justify\">S\u00e3o os tributos sobre a remunera\u00e7\u00e3o mensal do empregado, tais como:<\/p>\n<p align=\"justify\">\u2022 Contribui\u00e7\u00e3o previdenci\u00e1ria (INSS) descontado do empregado \u2013 conforme tabela do governo pode variar de 7,5% a 14% conforme o teto salarial do empregado;<\/p>\n<p align=\"justify\">\u2022 Contribui\u00e7\u00e3o patronal ao INSS: 8%;<\/p>\n<p align=\"justify\">\u2022 FGTS: 8%;<\/p>\n<p align=\"justify\">\u2022 FGTS compuls\u00f3rio (antecipa\u00e7\u00e3o da multa de 40% para rescis\u00e3o de contrato sem justa causa): 3,2%;<\/p>\n<p align=\"justify\">\u2022 Seguro contra acidentes de trabalho: 0,8%;<\/p>\n<p align=\"justify\"><b>Exemplo: CUSTO MENSAL &#8211; SAL\u00c1RIO M\u00cdNIMO FEDERAL 2021<\/b><\/p>\n<p align=\"justify\">Sal\u00e1rio R$ 1.100,00<\/p>\n<p align=\"justify\">Contribui\u00e7\u00e3o previdenci\u00e1ria descontada do empregado (7,5%): R$ 82,50<\/p>\n<p align=\"justify\">Contribui\u00e7\u00e3o Previdenci\u00e1ria do Empregador (8,0%): R$ 88,00<\/p>\n<p align=\"justify\">Seguro contra Acidentes de Trabalho &#8211; GILRAT (0,8%): R$ 8,80<\/p>\n<p align=\"justify\">FGTS Mensal (8,0%): R$ 88,00<\/p>\n<p align=\"justify\">FGTS Compensat\u00f3rio (3,2%): R$ 35,20<\/p>\n<p align=\"justify\">TOTAL: R$ 220,00<\/p>\n<p align=\"justify\">\n<p align=\"justify\"><u><b>Vale transporte<\/b><\/u><\/p>\n<p align=\"justify\">Caso o trabalhador dom\u00e9stico utilize os meios de transporte coletivo para ir ao trabalho e retornar para casa, ele poder\u00e1 requerer o vale-transporte, indicando a quantidade de vales necess\u00e1rios para o deslocamento di\u00e1rio (ida e volta). O empregador pode descontar at\u00e9 6% do sal\u00e1rio do trabalhador para arcar com os custos desse benef\u00edcio.<\/p>\n<p align=\"justify\">Se o empregado n\u00e3o precisar do benef\u00edcio, por usar meio particular ou morar perto do local de trabalho, n\u00e3o se faz necess\u00e1rio o fornecimento do vale transporte.<\/p>\n<p align=\"justify\">Importante que em qualquer uma das hip\u00f3teses, o empregado dever\u00e1 assinar um documento com a op\u00e7\u00e3o ou n\u00e3o do benef\u00edcio.<\/p>\n<p align=\"justify\">\n<p align=\"justify\"><u><b>F\u00e9rias<\/b><\/u><\/p>\n<p align=\"justify\">A cada 12 meses de trabalho o empregado adquire o direito a 30 dias de descanso remunerado, com adicional de 1\/3, conforme previsto pela legisla\u00e7\u00e3o. As f\u00e9rias s\u00e3o pagas com base no sal\u00e1rio do empregado, considerando todas as verbas salariais, como horas extras e o adicional noturno.<\/p>\n<p align=\"justify\">Para o sal\u00e1rio de R$ 1.100,00, caso n\u00e3o sejam devidos outros adicionais, calcula-se assim:<\/p>\n<p align=\"justify\">\u2022 30 dias de f\u00e9rias: R$ 1.100,00<\/p>\n<p align=\"justify\">\u2022 Adicional de 1\/3: R$ 1.100 \u00f7 3 = R$ 366,67;<\/p>\n<p align=\"justify\">Total bruto de 30 dias de f\u00e9rias: R$ 1.466,67.<\/p>\n<p align=\"justify\">Com rela\u00e7\u00e3o \u00e0 remunera\u00e7\u00e3o das f\u00e9rias, \u00e9 importante saber que tamb\u00e9m incidem os encargos trabalhistas como FGTS e INSS.<\/p>\n<p align=\"justify\">\n<p align=\"justify\"><u><b>13\u00ba Sal\u00e1rio<\/b><\/u><\/p>\n<p align=\"justify\">O 13\u00ba Sal\u00e1rio corresponde a um sal\u00e1rio do empregado e ele ter\u00e1 direito ao seu valor integral caso trabalhe 12 meses. Se a presta\u00e7\u00e3o de servi\u00e7os ocorrer em per\u00edodo inferior, a bonifica\u00e7\u00e3o ser\u00e1 proporcional aos meses trabalhados. A base \u00e9 de 1\/12 avos para cada m\u00eas trabalhado, ou seja, se o empregado dom\u00e9stico trabalhar pelo menos 15 dias em um determinado m\u00eas, j\u00e1 tem direito \u00e0quele avo.<\/p>\n<p align=\"justify\"><a name=\"_GoBack\"><\/a> Quando na composi\u00e7\u00e3o do sal\u00e1rio do trabalhador dom\u00e9stico envolver horas extras, adicional noturno, dever\u00e1 ser calculada a sua m\u00e9dia, pois essas vari\u00e1veis integram o valor a ser pago a t\u00edtulo de 13\u00ba sal\u00e1rio.<\/p>\n<p align=\"justify\">O empregado n\u00e3o ter\u00e1 direito a fra\u00e7\u00e3o de 1\/12 avos no m\u00eas em que trabalhar menos de 15 dias. Caso a funcion\u00e1ria se afaste do trabalho por aux\u00edlio doen\u00e7a ou licen\u00e7a maternidade, caber\u00e1 ao INSS arcar com o valor referente ao per\u00edodo de afastamento. Vale ressaltar que se a dom\u00e9stica se afastar num m\u00eas em que trabalhou, pelo menos, 15 dias para o empregador, o pagamento desse avo ser\u00e1 integral.<\/p>\n<p align=\"justify\">\n<p align=\"justify\"><u><b>Gest\u00e3o de Empregado Dom\u00e9stico<\/b><\/u><\/p>\n<p align=\"justify\">A fim de garantir que o v\u00ednculo empregat\u00edcio esteja legal, \u00e9 fundamental utilizar o eSocial de maneira adequada.<\/p>\n<p align=\"justify\">O eSocial \u00e9 o sistema eletr\u00f4nico por meio do qual todos os empregadores precisam enviar suas declara\u00e7\u00f5es trabalhistas, previdenci\u00e1rias e tribut\u00e1rias para os \u00f3rg\u00e3os governamentais.<\/p>\n<p align=\"justify\">Atrav\u00e9s dele, o empregador ir\u00e1 fazer o cadastro do seu empregado, bem como o fechamento da folha e emiss\u00e3o da guia unificada (DAE dom\u00e9stica) para pagamento dos encargos mensais.<\/p>\n<p align=\"justify\">Para facilitar, vale ter a ajuda de um especialista na \u00e1rea, al\u00e9m de executar boas pr\u00e1ticas que trazem seguran\u00e7a e regularidade!<\/p>\n<p align=\"justify\">N\u00f3s somos uma empresa especializada no assunto, com foco no atendimento personalizado de nossos clientes.<\/p>\n<p align=\"justify\">\n<p align=\"justify\">Esperamos que este conte\u00fado tenha sido proveitoso e que tenhamos ajudado.<\/p>\n<p align=\"justify\">\n<p align=\"justify\">Em caso de d\u00favidas entre em contato.<\/p>\n","protected":false},"excerpt":{"rendered":"<p>Antes de contratar um empregado dom\u00e9stico \u00e9 comum o empregador ficar com d\u00favidas em rela\u00e7\u00e3o ao custo que esse tipo de contrata\u00e7\u00e3o implicar\u00e1. Por isso, fizemos um demonstrativo dos custos&#8230;<\/p>\n","protected":false},"author":1,"featured_media":1602,"comment_status":"closed","ping_status":"closed","sticky":false,"template":"","format":"standard","meta":[],"categories":[1],"tags":[],"_links":{"self":[{"href":"https:\/\/deport.com.br\/site\/wp-json\/wp\/v2\/posts\/1601"}],"collection":[{"href":"https:\/\/deport.com.br\/site\/wp-json\/wp\/v2\/posts"}],"about":[{"href":"https:\/\/deport.com.br\/site\/wp-json\/wp\/v2\/types\/post"}],"author":[{"embeddable":true,"href":"https:\/\/deport.com.br\/site\/wp-json\/wp\/v2\/users\/1"}],"replies":[{"embeddable":true,"href":"https:\/\/deport.com.br\/site\/wp-json\/wp\/v2\/comments?post=1601"}],"version-history":[{"count":1,"href":"https:\/\/deport.com.br\/site\/wp-json\/wp\/v2\/posts\/1601\/revisions"}],"predecessor-version":[{"id":1603,"href":"https:\/\/deport.com.br\/site\/wp-json\/wp\/v2\/posts\/1601\/revisions\/1603"}],"wp:featuredmedia":[{"embeddable":true,"href":"https:\/\/deport.com.br\/site\/wp-json\/wp\/v2\/media\/1602"}],"wp:attachment":[{"href":"https:\/\/deport.com.br\/site\/wp-json\/wp\/v2\/media?parent=1601"}],"wp:term":[{"taxonomy":"category","embeddable":true,"href":"https:\/\/deport.com.br\/site\/wp-json\/wp\/v2\/categories?post=1601"},{"taxonomy":"post_tag","embeddable":true,"href":"https:\/\/deport.com.br\/site\/wp-json\/wp\/v2\/tags?post=1601"}],"curies":[{"name":"wp","href":"https:\/\/api.w.org\/{rel}","templated":true}]}}