{"id":2167,"date":"2022-07-28T17:54:06","date_gmt":"2022-07-28T17:54:06","guid":{"rendered":"https:\/\/deport.com.br\/site\/?p=2167"},"modified":"2022-07-29T19:13:07","modified_gmt":"2022-07-29T19:13:07","slug":"agosto-2022-educacao-preservacao-e-amor-assim-sao-os-calendarios-da-deport","status":"publish","type":"post","link":"https:\/\/deport.com.br\/site\/agosto-2022-educacao-preservacao-e-amor-assim-sao-os-calendarios-da-deport\/","title":{"rendered":"Agosto 2022 | Educa\u00e7\u00e3o, preserva\u00e7\u00e3o e amor: assim s\u00e3o os calend\u00e1rios da Deport"},"content":{"rendered":"[vc_row type=&#8221;in_container&#8221; full_screen_row_position=&#8221;middle&#8221; scene_position=&#8221;center&#8221; text_color=&#8221;dark&#8221; text_align=&#8221;left&#8221; overlay_strength=&#8221;0.3&#8243; shape_divider_position=&#8221;bottom&#8221;][vc_column column_padding=&#8221;no-extra-padding&#8221; column_padding_position=&#8221;all&#8221; background_color_opacity=&#8221;1&#8243; background_hover_color_opacity=&#8221;1&#8243; column_link_target=&#8221;_self&#8221; column_shadow=&#8221;none&#8221; column_border_radius=&#8221;none&#8221; width=&#8221;1\/6&#8243; tablet_width_inherit=&#8221;default&#8221; tablet_text_alignment=&#8221;default&#8221; phone_text_alignment=&#8221;default&#8221; column_border_width=&#8221;none&#8221; column_border_style=&#8221;solid&#8221;][\/vc_column][vc_column column_padding=&#8221;no-extra-padding&#8221; column_padding_position=&#8221;all&#8221; background_color_opacity=&#8221;1&#8243; background_hover_color_opacity=&#8221;1&#8243; column_link_target=&#8221;_self&#8221; column_shadow=&#8221;none&#8221; column_border_radius=&#8221;none&#8221; width=&#8221;2\/3&#8243; tablet_width_inherit=&#8221;default&#8221; tablet_text_alignment=&#8221;default&#8221; phone_text_alignment=&#8221;default&#8221; column_border_width=&#8221;none&#8221; column_border_style=&#8221;solid&#8221;]<div class=\"divider-wrap\" data-alignment=\"default\"><div style=\"height: 50px;\" class=\"divider\"><\/div><\/div>[vc_column_text]Educa\u00e7\u00e3o, preserva\u00e7\u00e3o e amor: Assim s\u00e3o os calend\u00e1rios da Deport. Sim, repetindo o t\u00edtulo para dizer que n\u00e3o \u00e9 apenas um impresso para colocar sobre a mesa. \u00c9 muito mais que isso. E sim, tem muita informa\u00e7\u00e3o traduzida no que eu considero educa\u00e7\u00e3o, preserva\u00e7\u00e3o e amor. E vamos l\u00e1, porque essa hist\u00f3ria s\u00f3 cabe em um text\u00e3o.<span class=\"Apple-converted-space\">\u00a0<\/span><\/p>\n<p>Pergunto aos leitores: na d\u00e9cada de 80 voc\u00eas pensariam em um calend\u00e1rio como forma de comunica\u00e7\u00e3o?<span class=\"Apple-converted-space\">\u00a0<\/span><\/p>\n<p>Nessa \u00e9poca, pensariam em deixar, de alguma forma, a hist\u00f3ria da sua cidade viva?<span class=\"Apple-converted-space\">\u00a0<\/span><\/p>\n<p>Seria uma estrat\u00e9gia de marketing, amor pela cidade, ou vis\u00e3o de futuro?<\/p>\n<p>Pois eu conto para voc\u00eas que fiquei maravilhada ao me deparar com os calend\u00e1rios devidamente catalogados e guardados de todas as edi\u00e7\u00f5es que a Deport desenvolveu ao longo desses anos.<\/p>\n<p>Cada edi\u00e7\u00e3o tem um tema, uma hist\u00f3ria e um porqu\u00ea.<\/p>\n<p>Mas antes de contar sobre este acervo incr\u00edvel, quero contar um pouco de como a ideia surgiu e se tornou em uma tradi\u00e7\u00e3o da empresa.<span class=\"Apple-converted-space\">\u00a0<\/span><\/p>\n<p>De onde surgiu o calend\u00e1rio? A origem remonta aos tempos da Pr\u00e9-Hist\u00f3ria. Foi atrav\u00e9s da observa\u00e7\u00e3o do nascer e do p\u00f4r do Sol, al\u00e9m das diferentes fases da Lua, que o homem percebeu esse fen\u00f4meno. E foi olhando para o c\u00e9u e para os astros que o ser humano percebeu a necessidade de ter uma medida de um per\u00edodo de dia, m\u00eas e ano. Essas marca\u00e7\u00f5es de tempo ajudaram o homem no desenvolvimento da agricultura, da ca\u00e7a e nas atividades de migra\u00e7\u00e3o.<span class=\"Apple-converted-space\">\u00a0<\/span><\/p>\n<p>A hist\u00f3ria conta que foi por volta de 2.700 a.C. que os povos mesopot\u00e2micos elaboraram um calend\u00e1rio com 12 meses lunares, de 29 ou 30 dias. Foi com base nesse modelo que os judeus elaboraram seu calend\u00e1rio posteriormente. Outros povos tamb\u00e9m realizaram adapta\u00e7\u00f5es e mudan\u00e7as no calend\u00e1rio. O primeiro calend\u00e1rio solar surgiu com os eg\u00edpcios por volta de 3.000 a.C., com uma medi\u00e7\u00e3o de 365 dias. Atualmente seguimos o chamado calend\u00e1rio gregoriano, que foi criado em 1582 pelo Papa Greg\u00f3rio XIII (1502 \u2013 1585) \u2013 da\u00ed o nome \u201cgregoriano\u201d. O Papa teve como base o calend\u00e1rio juliano (criado pelo imperador J\u00falio C\u00e9sar em 45 a.C.) que era utilizado pelo Imp\u00e9rio Romano \u2013 e ainda hoje \u00e9 usado por crist\u00e3os ortodoxos em alguns pa\u00edses. Existem pessoas que seguem o calend\u00e1rio lunar e n\u00e3o o gregoriano, e que ali\u00e1s \u00e9 muito interessante, a \u00fanica quest\u00e3o \u00e9 que gera um certo conflito no dia a dia, mas observar as fases lunares faz muita diferen\u00e7a em diversos \u00e2ngulos da vida.<\/p>\n<p>O calend\u00e1rio gregoriano \u00e9 utilizado \u2013 por conven\u00e7\u00e3o \u2013 em todo o mundo. Al\u00e9m desses calend\u00e1rios citados temos outros, como o chin\u00eas, o maia, o et\u00edope, o isl\u00e2mico, o hebreu, o hindu, etc. Sem a presen\u00e7a deles, ficaria dif\u00edcil organizar o tempo, nosso cotidiano e afazeres da sociedade.<\/p>\n<p>Estamos em agosto e j\u00e1 j\u00e1 chega a hora de ter o novo calend\u00e1rio de 2023, e claro, a Deport j\u00e1 est\u00e1 planejando o seu. Quando eles come\u00e7aram a distribuir os calend\u00e1rios aos clientes e parceiros, eram fotos de flores e paisagens que ilustravam as folhas impressas pela Gr\u00e1fica e Editora Sinodal, que possu\u00eda as imagens, e cada empresa que comprava o calend\u00e1rio s\u00f3 mudava o \u201ccabe\u00e7alho\u201d, mas em Canela era praticamente somente a Deport que fazia.<span class=\"Apple-converted-space\">\u00a0<\/span><\/p>\n<p>O primeiro calend\u00e1rio da Deport trazia no cabe\u00e7alho o nome de todas as empresas que os s\u00f3cios Paulo Roberto Drechsler e Anibal Port eram propriet\u00e1rios na \u00e9poca. Vamos relembrar quais eram:<span class=\"Apple-converted-space\">\u00a0 <\/span>Deport Organiza\u00e7\u00e3o T\u00e9cnico Cont\u00e1bil, Serra Verde Incorpora\u00e7\u00f5es e Loteamentos, Imobili\u00e1ria Deport e Sauna Deport. Nessa \u00e9poca a Deport Contabilidade j\u00e1 estava debutando com seus belos 15 anos.<span class=\"Apple-converted-space\">\u00a0<\/span><\/p>\n<p><a href=\"https:\/\/deport.com.br\/site\/wp-content\/uploads\/2022\/07\/1.jpg\"><img loading=\"lazy\" class=\" wp-image-2170 alignleft\" src=\"https:\/\/deport.com.br\/site\/wp-content\/uploads\/2022\/07\/1-240x300.jpg\" alt=\"\" width=\"430\" height=\"538\" srcset=\"https:\/\/deport.com.br\/site\/wp-content\/uploads\/2022\/07\/1-240x300.jpg 240w, https:\/\/deport.com.br\/site\/wp-content\/uploads\/2022\/07\/1-819x1024.jpg 819w, https:\/\/deport.com.br\/site\/wp-content\/uploads\/2022\/07\/1-768x960.jpg 768w, https:\/\/deport.com.br\/site\/wp-content\/uploads\/2022\/07\/1.jpg 1080w\" sizes=\"(max-width: 430px) 100vw, 430px\" \/><\/a><\/p>\n<p>&nbsp;<\/p>\n<p>&nbsp;<\/p>\n<p>&nbsp;<\/p>\n<p>&nbsp;<\/p>\n<p>&nbsp;<\/p>\n<p>&nbsp;<\/p>\n<p>&nbsp;<\/p>\n<p>&nbsp;<\/p>\n<p>&nbsp;<\/p>\n<p>&nbsp;<\/p>\n<p>&nbsp;<\/p>\n<p>&nbsp;<\/p>\n<p>&nbsp;<\/p>\n<p>&nbsp;<\/p>\n<p>De 1988 at\u00e9 1999, e a\u00ed j\u00e1 se v\u00e3o 11 edi\u00e7\u00f5es do calend\u00e1rio, foi mantido o formato inicial, sempre adquiridos da Gr\u00e1fica e Editora Sinodal, com poucas altera\u00e7\u00f5es em seu layout, cujas imagens eram de propriedade da gr\u00e1fica. J\u00e1 no ano 2000 o calend\u00e1rio apresentou imagens de Canela, sendo uma vista bel\u00edssima da Catedral de Pedras e outra foto hist\u00f3rica da Esta\u00e7\u00e3o Ferrovi\u00e1ria, com bastante neve. As fotos, verdadeiros cart\u00f5es postais, eram de M\u00e1rio Bertolucci.<\/p>\n<p>Em 2001 o calend\u00e1rio n\u00e3o continha imagens. O calend\u00e1rio do ano de 2002, nas comemora\u00e7\u00f5es dos 30 anos da empresa, al\u00e9m de estrear o novo logotipo, passou a ser tem\u00e1tico, trazendo fotos que eram verdadeiras rel\u00edquias, tais como a que retrata o Hotel e Pens\u00e3o Werner, a Cascata do Caracol em 1916, a Pra\u00e7a Jo\u00e3o Corr\u00eaa em 1954, a Rua Jo\u00e3o Pessoa em 1933 e a Esta\u00e7\u00e3o F\u00e9rrea em 1936. A partir dessa edi\u00e7\u00e3o tamb\u00e9m se tornaram tradi\u00e7\u00e3o as frases motivacionais, t\u00e3o usuais hoje em dia, tamb\u00e9m estavam presentes, sempre sob a \u201ccuradoria\u201d do Sr. Paulo.<\/p>\n<p>J\u00e1 nos anos de 2003, 2004 e 2005 os calend\u00e1rios vieram impressos em papel reciclado, sendo que no ano de 2003 um bloco de anota\u00e7\u00f5es completava o conjunto entregue aos clientes e parceiros. Em 2006 e 2007 voltaram a impress\u00e3o em papel couch\u00ea, por\u00e9m seguia sem imagens.<\/p>\n<p>Quando a Deport completou 35 anos, em 2008, o tema escolhido para o calend\u00e1rio foi a hist\u00f3ria da tecnologia na contabilidade, e em suas p\u00e1ginas desfilaram todos os tipos de maquin\u00e1rios usados por um escrit\u00f3rio cont\u00e1bil. Olhando as imagens dos equipamentos utilizados durante o tempo, dava para perceber a evolu\u00e7\u00e3o tecnol\u00f3gica daquele per\u00edodo.<\/p>\n<p><a href=\"https:\/\/deport.com.br\/site\/wp-content\/uploads\/2022\/07\/4.jpg\"><img loading=\"lazy\" class=\" wp-image-2177 alignleft\" src=\"https:\/\/deport.com.br\/site\/wp-content\/uploads\/2022\/07\/4-240x300.jpg\" alt=\"\" width=\"428\" height=\"535\" srcset=\"https:\/\/deport.com.br\/site\/wp-content\/uploads\/2022\/07\/4-240x300.jpg 240w, https:\/\/deport.com.br\/site\/wp-content\/uploads\/2022\/07\/4-820x1024.jpg 820w, https:\/\/deport.com.br\/site\/wp-content\/uploads\/2022\/07\/4-768x959.jpg 768w, https:\/\/deport.com.br\/site\/wp-content\/uploads\/2022\/07\/4.jpg 1081w\" sizes=\"(max-width: 428px) 100vw, 428px\" \/><\/a><\/p>\n<p>&nbsp;<\/p>\n<p>&nbsp;<\/p>\n<p>&nbsp;<\/p>\n<p>&nbsp;<\/p>\n<p>&nbsp;<\/p>\n<p>&nbsp;<\/p>\n<p>&nbsp;<\/p>\n<p>&nbsp;<\/p>\n<p>&nbsp;<\/p>\n<p>&nbsp;<\/p>\n<p>&nbsp;<\/p>\n<p>&nbsp;<\/p>\n<p>Em 2009 o calend\u00e1rio veio robusto em um formato completamente diferente, e apresentou os principais eventos que aconteciam na cidade naquela \u00e9poca, Rodeio Nacional, Semana Santa, Festival de Teatro de Bonecos, Temporada de Inverno, Festa Colonial de Canela, Festa Nacional da M\u00fasica, Sonho de Natal, entre outros.<span class=\"Apple-converted-space\">\u00a0<\/span><\/p>\n<p>No ano seguinte o Meio Ambiente foi a pauta principal. Al\u00e9m de ser impresso em papel reciclado, o calend\u00e1rio foi um guia de boas pr\u00e1ticas: uma verdadeira homenagem ao planeta. Tudo que permeia ao meio ambiente est\u00e1 presente no calend\u00e1rio. Ali j\u00e1 estava contextualizado que a \u00e1gua \u00e9 ouro l\u00edquido, a necessidade do cuidado com o lixo e com a alimenta\u00e7\u00e3o. A Deport j\u00e1 tinha implementado o seu programa 5S, e assuntos como a sustentabilidade e a responsabilidade social j\u00e1 estavam presentes no dia a dia da empresa.<span class=\"Apple-converted-space\">\u00a0<\/span><\/p>\n<p>Em 2011 os eventos voltaram a pauta, mas dessa vez com outro vi\u00e9s. Os eventos e atra\u00e7\u00f5es que fizeram hist\u00f3ria em Canela, mas que deixaram de existir, um belo registro para as futuras gera\u00e7\u00f5es, eles ficaram na mem\u00f3ria dos que viveram e foram eternizados no calend\u00e1rio da Deport, como o Festival da Serra, o Rali e as Carreteras, a Carrieri do Palace Hotel, a Exposi\u00e7\u00e3o Agropecu\u00e1ria, a Buzina do Guin\u00e9, a Volta Cicl\u00edstica, o Festival A\u00e9reo, os Jogos Estudantis da Primavera, a Ferma\u00e7\u00e3, a Festa do Chopp e a Mostra dos Produtos de Canela. Um registro de um passado nem t\u00e3o distante, mas de muita relev\u00e2ncia para Canela e regi\u00e3o. Fica o questionamento: por\u00a0que deixaram de existir?<\/p>\n<p>E a Deport quarentou em 2012. E neste ano o calend\u00e1rio desfilou em suas p\u00e1ginas imagens de Canela sob os mais diversos \u00e2ngulos, mostrando o que a cidade tem al\u00e9m dos tradicionais pontos tur\u00edsticos, apresentando a beleza do interior do munic\u00edpio e sua rica beleza. Com o selo dos 40 anos, imagens como: Capela Santa Cec\u00edlia, Banhado Grande, cachoeira da Usina no Ecoparque Sperry, Linha 28, Chapad\u00e3o, Linha S\u00e3o Paulo, lago e cachoeira da Fazenda Sonho Meu, localizada no Saiqui, Pico da Canastra, Canastra Alta, Passo do Valentin, Rio Santa Cruz, entre outras imagens que ficaram eternizadas nos olhares de quem fotografou e um presente para comunidade que recebe o calend\u00e1rio gratuitamente.<span class=\"Apple-converted-space\">\u00a0<\/span><\/p>\n<p><a href=\"https:\/\/deport.com.br\/site\/wp-content\/uploads\/2022\/07\/5.jpg\"><img loading=\"lazy\" class=\" wp-image-2178 alignleft\" src=\"https:\/\/deport.com.br\/site\/wp-content\/uploads\/2022\/07\/5-240x300.jpg\" alt=\"\" width=\"434\" height=\"543\" srcset=\"https:\/\/deport.com.br\/site\/wp-content\/uploads\/2022\/07\/5-240x300.jpg 240w, https:\/\/deport.com.br\/site\/wp-content\/uploads\/2022\/07\/5-820x1024.jpg 820w, https:\/\/deport.com.br\/site\/wp-content\/uploads\/2022\/07\/5-768x959.jpg 768w, https:\/\/deport.com.br\/site\/wp-content\/uploads\/2022\/07\/5.jpg 1081w\" sizes=\"(max-width: 434px) 100vw, 434px\" \/><\/a><\/p>\n<p>&nbsp;<\/p>\n<p>&nbsp;<\/p>\n<p>&nbsp;<\/p>\n<p>&nbsp;<\/p>\n<p>&nbsp;<\/p>\n<p>&nbsp;<\/p>\n<p>&nbsp;<\/p>\n<p>&nbsp;<\/p>\n<p>&nbsp;<\/p>\n<p>&nbsp;<\/p>\n<p>&nbsp;<\/p>\n<p>&nbsp;<\/p>\n<p>No ano de 2013 mais um calend\u00e1rio com o vi\u00e9s educacional. Dessa vez foi o tr\u00e2nsito, onde, al\u00e9m das frases motivacionais, existiam as informa\u00e7\u00f5es sobre as regras no tr\u00e2nsito. Nesse ano, a empresa realizou uma blitz no tr\u00e2nsito entregando aos motoristas materiais para melhor conscientiza\u00e7\u00e3o sobre a import\u00e2ncia de seguir as regras e ter uma vida com mais seguran\u00e7a.<\/p>\n<p>\u00c9 um calend\u00e1rio mais interessante que o outro. J\u00e1 no ano seguinte, em 2014, as imagens da cidade voltaram a marcar presen\u00e7a nos 12 meses do ano, e dessa vez era o lado buc\u00f3lico da cidade que ganhava destaque.<span class=\"Apple-converted-space\">\u00a0<\/span><\/p>\n<p>Na sequ\u00eancia, o calend\u00e1rio privilegiou as aves nativas de Canela, e por ali circularam o Bemtevi, a Gralhaazul, o Tucanodebicoverde, o Quero-quero, a Curicac\u00e1, a Mariafaceira, entre outros. Em 2016, foi a vez da fauna da cidade serrana desfilar nas p\u00e1ginas do calend\u00e1rio, como o Bugioruivo, o Quati, o Macaco-prego, a Pre\u00e1, oOuri\u00e7o-cacheiro, a Capivara, o Serelepe, o Veado-vir\u00e1, entre tantos outros que povoam a rica fauna de Canela e regi\u00e3o.<span class=\"Apple-converted-space\">\u00a0<\/span><\/p>\n<p>Em 2017, com 45 anos, foi a vez da Pra\u00e7a Jo\u00e3o Corr\u00eaa, presente no dia a dia desde o in\u00edcio dessa hist\u00f3ria, ser homenageada. S\u00e3o fotos incr\u00edveis de diversas d\u00e9cadas: a t\u00e3o famosa pra\u00e7a central ganhou um ano para chamar de seu, foram 12 meses, que a cada vez que virava a \u201cfolhinha\u201d uma nova foto da Pra\u00e7a Jo\u00e3o Corr\u00eaa aparecia. Belas lembran\u00e7as da principal pra\u00e7a da cidade.<span class=\"Apple-converted-space\">\u00a0<\/span><\/p>\n<p>As mem\u00f3rias de Canela foram o tema da edi\u00e7\u00e3o do calend\u00e1rio de 2018. As fotos foram resgatadas do acervo de Paulo Roberto Drechsler, Ant\u00f4nio Olmiro dos Reis e Marcos Zimmermann. A ideia era eternizar as fotos dos colecionadores em um outro formato, convivendo durante todos os 365 dias do ano com os canelenses.<\/p>\n<p>No ano seguinte foi a vez de uma colet\u00e2nea de fotos das paisagens de Canela, que foram fotografadas pela equipe, e selecionadas pelo publicit\u00e1rio Cau Broilo e por Paulo Roberto Drechsler. Nesse ano, o intuito era valorizar a sensibilidade de quem fotografou, e que usou seu olhar para perceber detalhes que muitas vezes passam desapercebidos pela correria do dia a dia, t\u00edpica do s\u00e9culo XXI.<span class=\"Apple-converted-space\">\u00a0<\/span><\/p>\n<p>J\u00e1 em 2020, foi a vez do Concurso de Fotografias da Deport, que foi aberto ao p\u00fablico em geral.<span class=\"Apple-converted-space\">\u00a0 <\/span>As 12 fotos que ilustraram as p\u00e1ginas do calend\u00e1rio foram selecionadas pelo publicit\u00e1rio Eduardo de Paula Couto. Dessa vez foi a comunidade que contribuiu para que o calend\u00e1rio ficasse ainda mais interessante, e com a participa\u00e7\u00e3o comunit\u00e1ria.<\/p>\n<p>Em 2021, as fotos presentes no calend\u00e1rio foram clicadas pela equipe da empresa, que deixou de lado o olhar cartesiano do dia a dia, e utilizou a delicadeza para mostrar mais uma vez o lado buc\u00f3lico da cidade.<\/p>\n<p>E nesse ano, quando a Deport completa 50 anos, eis que estamos contando esta hist\u00f3ria e muitas outras que marcaram a vida da empresa. O destaque dessa edi\u00e7\u00e3o do tradicional calend\u00e1rio \u00e9 a disponibiliza\u00e7\u00e3o de um QR Code que te leva a ler, a cada m\u00eas, a hist\u00f3ria por tr\u00e1s de fatos marcantes da empresa. N\u00f3s chamamos de \u201c<i>Calend\u00e1rioflix<\/i>\u201d pois a empresa uniu o passado atrav\u00e9s da hist\u00f3ria, e o presente atrav\u00e9s da tecnologia. Fant\u00e1stico n\u00e3o \u00e9 mesmo?<\/p>\n<p><a href=\"https:\/\/deport.com.br\/site\/wp-content\/uploads\/2022\/07\/7.jpg\"><img loading=\"lazy\" class=\" wp-image-2179 alignleft\" src=\"https:\/\/deport.com.br\/site\/wp-content\/uploads\/2022\/07\/7-240x300.jpg\" alt=\"\" width=\"430\" height=\"538\" srcset=\"https:\/\/deport.com.br\/site\/wp-content\/uploads\/2022\/07\/7-240x300.jpg 240w, https:\/\/deport.com.br\/site\/wp-content\/uploads\/2022\/07\/7-820x1024.jpg 820w, https:\/\/deport.com.br\/site\/wp-content\/uploads\/2022\/07\/7-768x959.jpg 768w, https:\/\/deport.com.br\/site\/wp-content\/uploads\/2022\/07\/7.jpg 1081w\" sizes=\"(max-width: 430px) 100vw, 430px\" \/><\/a><\/p>\n<p>&nbsp;<\/p>\n<p>&nbsp;<\/p>\n<p>&nbsp;<\/p>\n<p>&nbsp;<\/p>\n<p>&nbsp;<\/p>\n<p>&nbsp;<\/p>\n<p>&nbsp;<\/p>\n<p>&nbsp;<\/p>\n<p>&nbsp;<\/p>\n<p>&nbsp;<\/p>\n<p>&nbsp;<\/p>\n<p>&nbsp;<\/p>\n<p>E todo final do ano tem calend\u00e1rio para distribuir para os clientes, fornecedores, parceiros e amigos.<span class=\"Apple-converted-space\">\u00a0<\/span><\/p>\n<p>Os calend\u00e1rios foram idealizados e desenvolvidos pelo s\u00f3cio Paulo Roberto Drechsler, que adora deixar a mem\u00f3ria da cidade viva. Ao seu lado, o publicit\u00e1rio Cau Broilo e diversas ag\u00eancias de publicidade participaram desse processo, como a Gris\u00e9, Ver e Vivaz. Atualmente \u00e9 a Yoda que cria e faz a edi\u00e7\u00e3o do calend\u00e1rio. <span class=\"Apple-converted-space\">\u00a0<\/span><\/p>\n<p>As fotos dos calend\u00e1rios s\u00e3o de: Anibal Tonelloto, Antonio Olmiro Reis, Cia Truks-SP, Cau Broilo, CTG Quer\u00eancia, Diego Santos, Edmilson Watzlawick, Eduardo Idalino, Ernani Marques, Fabiane Michaelsen, Gabriel Tieppo, Jornal de Canela, J\u00falio Richter, Katia Click, Luiz Eduardo Arnold, M\u00e1rcia Rosa, M\u00e1rio Bertolucci, Marcos Zimmermann, Patr\u00edcia Reinhardt, Paulo Roberto Drechsler, Ros\u00e2ngela Port Sartori, S\u00e9rgio Azevedo, S\u00f4nia Schaefer Ilges, Tiago Comiotto Canuto, Tiago Keller, Vitor Hugo Travi. Tamb\u00e9m h\u00e1 registros de Jos\u00e9 Domingos P. Batista e Tenente Edy Saul P\u00fctten, estes, <i>In<\/i> <i>Memorian<\/i>.<span class=\"Apple-converted-space\">\u00a0<\/span><\/p>\n<p>A pergunta que n\u00e3o quer calar \u00e9: o que vir\u00e1 no calend\u00e1rio 2023?<\/p>\n<p>Ansiosos? Eu tamb\u00e9m!<\/p>\n<p><strong>Rozangela Allves<br \/>\n<\/strong>Jornalista[\/vc_column_text][\/vc_column][vc_column column_padding=&#8221;no-extra-padding&#8221; column_padding_position=&#8221;all&#8221; background_color_opacity=&#8221;1&#8243; background_hover_color_opacity=&#8221;1&#8243; column_link_target=&#8221;_self&#8221; column_shadow=&#8221;none&#8221; column_border_radius=&#8221;none&#8221; width=&#8221;1\/6&#8243; tablet_width_inherit=&#8221;default&#8221; tablet_text_alignment=&#8221;default&#8221; phone_text_alignment=&#8221;default&#8221; column_border_width=&#8221;none&#8221; column_border_style=&#8221;solid&#8221;][\/vc_column][\/vc_row]\n","protected":false},"excerpt":{"rendered":"<p>[vc_row type=&#8221;in_container&#8221; full_screen_row_position=&#8221;middle&#8221; scene_position=&#8221;center&#8221; text_color=&#8221;dark&#8221; text_align=&#8221;left&#8221; overlay_strength=&#8221;0.3&#8243; shape_divider_position=&#8221;bottom&#8221;][vc_column column_padding=&#8221;no-extra-padding&#8221; column_padding_position=&#8221;all&#8221; background_color_opacity=&#8221;1&#8243; background_hover_color_opacity=&#8221;1&#8243; column_link_target=&#8221;_self&#8221; column_shadow=&#8221;none&#8221; column_border_radius=&#8221;none&#8221; width=&#8221;1\/6&#8243; tablet_width_inherit=&#8221;default&#8221; tablet_text_alignment=&#8221;default&#8221; phone_text_alignment=&#8221;default&#8221; column_border_width=&#8221;none&#8221; column_border_style=&#8221;solid&#8221;][\/vc_column][vc_column column_padding=&#8221;no-extra-padding&#8221; column_padding_position=&#8221;all&#8221; background_color_opacity=&#8221;1&#8243; background_hover_color_opacity=&#8221;1&#8243; column_link_target=&#8221;_self&#8221; column_shadow=&#8221;none&#8221; column_border_radius=&#8221;none&#8221; width=&#8221;2\/3&#8243; tablet_width_inherit=&#8221;default&#8221;&#8230;<\/p>\n","protected":false},"author":1,"featured_media":2179,"comment_status":"closed","ping_status":"closed","sticky":false,"template":"","format":"standard","meta":[],"categories":[1],"tags":[],"_links":{"self":[{"href":"https:\/\/deport.com.br\/site\/wp-json\/wp\/v2\/posts\/2167"}],"collection":[{"href":"https:\/\/deport.com.br\/site\/wp-json\/wp\/v2\/posts"}],"about":[{"href":"https:\/\/deport.com.br\/site\/wp-json\/wp\/v2\/types\/post"}],"author":[{"embeddable":true,"href":"https:\/\/deport.com.br\/site\/wp-json\/wp\/v2\/users\/1"}],"replies":[{"embeddable":true,"href":"https:\/\/deport.com.br\/site\/wp-json\/wp\/v2\/comments?post=2167"}],"version-history":[{"count":33,"href":"https:\/\/deport.com.br\/site\/wp-json\/wp\/v2\/posts\/2167\/revisions"}],"predecessor-version":[{"id":2208,"href":"https:\/\/deport.com.br\/site\/wp-json\/wp\/v2\/posts\/2167\/revisions\/2208"}],"wp:featuredmedia":[{"embeddable":true,"href":"https:\/\/deport.com.br\/site\/wp-json\/wp\/v2\/media\/2179"}],"wp:attachment":[{"href":"https:\/\/deport.com.br\/site\/wp-json\/wp\/v2\/media?parent=2167"}],"wp:term":[{"taxonomy":"category","embeddable":true,"href":"https:\/\/deport.com.br\/site\/wp-json\/wp\/v2\/categories?post=2167"},{"taxonomy":"post_tag","embeddable":true,"href":"https:\/\/deport.com.br\/site\/wp-json\/wp\/v2\/tags?post=2167"}],"curies":[{"name":"wp","href":"https:\/\/api.w.org\/{rel}","templated":true}]}}